{"id":11617,"date":"2022-11-24T01:25:39","date_gmt":"2022-11-24T01:25:39","guid":{"rendered":"https:\/\/www.elementonatural.com\/?p=8562"},"modified":"2024-12-08T20:33:35","modified_gmt":"2024-12-09T02:33:35","slug":"cities-seek-to-green-up-to-mitigate-climate-change","status":"publish","type":"post","link":"https:\/\/www.elementonatural.com\/es\/cities-seek-to-green-up-to-mitigate-climate-change\/","title":{"rendered":"Las ciudades buscan reverdecerse para mitigar el cambio clim\u00e1tico"},"content":{"rendered":"<p>La Gran \u00c1rea Metropolitana (GAM) aglomera el 42% de la poblaci\u00f3n costarricense, distribuida en 164 distritos de 31 cantones. Sin duda, se trata del \u00e1rea urbana m\u00e1s extensa de Costa Rica, centro de la infraestructura y el gobierno nacional. Sin embargo, al pensar en sus principales caracter\u00edsticas, el urbanismo no suele estar entre los conceptos m\u00e1s destacados, con todo lo que ello conlleva.<\/p>\n<figure id=\"attachment_8568\" aria-describedby=\"caption-attachment-8568\" style=\"width: 1080px\" class=\"wp-caption aligncenter\"><img fetchpriority=\"high\" decoding=\"async\" class=\"wp-image-8568 size-full\" src=\"https:\/\/www.elementonatural.com\/wp-content\/uploads\/2022\/11\/cambio-climatico.jpg\" alt=\"\" width=\"1080\" height=\"675\" \/><figcaption id=\"caption-attachment-8568\" class=\"wp-caption-text\">Los espacios verdes en las ciudades, como los parques, no s\u00f3lo ofrecen recreaci\u00f3n y belleza esc\u00e9nica, tambi\u00e9n brindan servicios ambientales como amortiguaci\u00f3n de ruidos y contaminantes, regulaci\u00f3n t\u00e9rmica e incluso son refugios para aves e insectos. (Cr\u00e9ditos: Carlos Andr\u00e9s M\u00e9ndez \/ Archivo)<\/figcaption><\/figure>\n<p>&nbsp;<\/p>\n<p>Esta falta de planificaci\u00f3n contribuye e intensifica las consecuencias del cambio clim\u00e1tico, corresponsable de las islas de calor y que se traduce en problemas como la emisi\u00f3n de gases de efecto invernadero (GEI), la reducci\u00f3n de zonas verdes o la contaminaci\u00f3n del aire, de los r\u00edos o del suelo.<\/p>\n<p>Para contextualizar la magnitud del problema, el a\u00f1o pasado se registr\u00f3 que la temperatura promedio del GAM alcanz\u00f3 los 43\u00b0C debido a la infraestructura gris, siendo San Jos\u00e9, Flores, Bel\u00e9n, Heredia y Tib\u00e1s los cantones m\u00e1s calurosos. La Federaci\u00f3n Internacional de Sociedades de la Cruz Roja y de la Media Luna Roja (FICR), junto al Grupo de Liderazgo Clim\u00e1tico C40, alert\u00f3 sobre la creciente tendencia de olas de calor en las ciudades, calificadas como \u201clos asesinos silenciosos del cambio clim\u00e1tico\u201d.<\/p>\n<p>Asimismo, la Universidad de Nueva Gales del Sur (UNSW) determin\u00f3 que las \u00e1reas verdes urbanas juegan un papel fundamental en el desarrollo de microbios encargados de mantener funciones ecosist\u00e9micas, como la filtraci\u00f3n de contaminantes o el tratamiento del di\u00f3xido de carbono. De esta manera, los parques, jardines e incluso las aceras resultan invaluables por sus aportes como \u00e1reas de recreaci\u00f3n, reguladores de temperatura e inhibidores de la contaminaci\u00f3n.<\/p>\n<p>Con todo esto en mente, Costa Rica como pa\u00eds presenta mayores dificultades por el caos en la planificaci\u00f3n urbana o un sector transporte que gener\u00f3 el 42% de las emisiones nacionales en 2017, con San Jos\u00e9, Alajuela, Heredia y Cartago liderando ese ranking.<\/p>\n<p>\u201cCosta Rica, durante 40 a\u00f1os, hizo una inversi\u00f3n en crear institucionalidad y pol\u00edtica ambiental, pero siempre enfocada en el \u00e1rea rural. El 70% de los costarricenses vive en el GAM o en capitales de provincia, donde no hay institucionalidad ambiental y, en un espacio urbano mal planificado, los ciudadanos se ven fuertemente amenazados. Una ciudad que no obedezca a una proyecci\u00f3n de crecimiento, basada en estudios de planificaci\u00f3n urbana, ser\u00e1 m\u00e1s vulnerable a los impactos del cambio clim\u00e1tico\u201d, afirm\u00f3 Carlos Manuel Rodr\u00edguez, director ejecutivo del Fondo para el Medio Ambiente Mundial (FMAM).<\/p>\n<p>A ra\u00edz de esto, el GAM \u2014as\u00ed como algunas capitales de provincia\u2014 trabajan en la reverdecimiento y recuperaci\u00f3n del paisaje urbano con tres proyectos para la salud y el desarrollo del pa\u00eds.<\/p>\n<figure id=\"attachment_8576\" aria-describedby=\"caption-attachment-8576\" style=\"width: 980px\" class=\"wp-caption aligncenter\"><img decoding=\"async\" class=\"wp-image-8576 size-full\" src=\"https:\/\/www.elementonatural.com\/wp-content\/uploads\/2022\/11\/CBIMA_Corredor_Maria_Aguilar_PNUD_CR_2-1-980x653-1.png\" alt=\"\" width=\"980\" height=\"653\" \/><figcaption id=\"caption-attachment-8576\" class=\"wp-caption-text\">El \u00edndice de vegetaci\u00f3n normalizado en el GAM muestra un promedio menor al de a\u00f1os anteriores, algo que est\u00e1 directamente asociado al aumento de la temperatura. (Cr\u00e9ditos: Giancarlo Pucci \/ PNUD CR)<\/figcaption><\/figure>\n<h2>Proyecto entrelazado<\/h2>\n<p>El proyecto Interlace: Recuperando ecosistemas urbanos est\u00e1 financiado por la Uni\u00f3n Europea y promovido por la Uni\u00f3n de Gobiernos Locales (UNGL) con el objetivo de capacitar y equipar a las ciudades para restaurar y rehabilitar sus ecosistemas urbanos.<\/p>\n<p>El enfoque se basa en la conexi\u00f3n \u201cnaturaleza-lugares-gente\u201d, que promueve la creaci\u00f3n de \u00e1reas verdes y la recuperaci\u00f3n de ecosistemas degradados que permitan ese \u201centrelazo\u201d entre las personas y el entorno natural, todo ello con miras a agosto de 2024, fecha en la que finalizar\u00e1 la iniciativa.<\/p>\n<p>El proyecto Interlace involucra a seis ciudades europeas y latinoamericanas, entre ellas el Corredor Biol\u00f3gico Interurbano Mar\u00eda Aguilar (CBIMA), que representa el 2% del GAM con el 29% del \u00e1rea verde y comprende los cantones de Alajuelita, Curridabat, La Uni\u00f3n, Montes de Oca y San Jos\u00e9.<\/p>\n<p>\u201cEs una experiencia muy enriquecedora para todos y a la vez un desaf\u00edo porque, si bien es cierto que hay puntos comunes en temas ambientales entre las ciudades latinoamericanas y europeas, las ciudades tambi\u00e9n tienen modelos de gobernanza diferentes, as\u00ed como recursos y prioridades que nos permiten aprender unos de otros y que hacen que los productos Interlace sean personificados para cada ciudad\u201d, coment\u00f3 Marcela Guti\u00e9rrez, coordinadora del proyecto y acad\u00e9mica del Centro de Estudios Generales de la Universidad Nacional (UNA).<\/p>\n<p>La iniciativa reconoce tambi\u00e9n el impacto en la salud mental de las personas, especialmente en la limitaci\u00f3n de espacios para la actividad f\u00edsica y la interacci\u00f3n social. Por ello, durante el evento latinoamericano \u201cCiudades por la Naturaleza\u201d, ocho municipios costarricenses (San Jos\u00e9, Goicoechea, Alajuelita, La Uni\u00f3n, Oreamuno, Moravia, Desamparados y San Rafael de Heredia) firmaron la carta de compromiso \u201cCiudades sostenibles y habitables para entornos urbanos: impulsando la restauraci\u00f3n de ecosistemas urbanos\u201d, orientada a estos objetivos de ciudades m\u00e1s habitables, resilientes e inclusivas.<\/p>\n<p>\u201cEstudios realizados en el CBIMA indican que las altas temperaturas en las escuelas p\u00fablicas del GAM son un factor de injusticia verde. Los ni\u00f1os que aprenden en estas condiciones tienen comprometidas sus funciones cognitivas, lo que condiciona el proceso de ense\u00f1anza y aprendizaje. Patios verdes, huertos, jardines, bosques urbanos, aceras y bulevares arbolados o techos y muros verdes son solo algunos instrumentos\u201d, agreg\u00f3 Guti\u00e9rrez al ser consultado sobre el aumento de las temperaturas.<\/p>\n<h2>Proyecto Tevu<\/h2>\n<p>Anunciado en marzo de este a\u00f1o, el proyecto Transici\u00f3n hacia una Econom\u00eda Verde Urbana y Generaci\u00f3n de Beneficios Ambientales Globales (TEVU) promueve la planificaci\u00f3n urbana enfocada en la adaptaci\u00f3n al cambio clim\u00e1tico. Es financiado por el GEF, liderado por el Ministerio de Ambiente y Energ\u00eda (MINAE), implementado por el Programa de las Naciones Unidas para el Desarrollo (PNUD) y ejecutado por la Organizaci\u00f3n de Estudios Tropicales (OET).<\/p>\n<p>El proyecto agrupa a 20 cantones que recibir\u00e1n inversiones directas y cuenta con una mesa de proyecto con representaci\u00f3n del Ministerio de Finanzas, el Ministerio de Vivienda y Asentamientos Humanos (MIVAH), el Instituto Nacional de Vivienda y Urbanismo (INVU), el Instituto Nacional de las Mujeres (Inamu) y otras organizaciones de la sociedad civil.<\/p>\n<p>\u201cEl modelo econ\u00f3mico actual no reconoce l\u00edmites planetarios y no refleja todas las externalidades negativas. Un ejemplo es el Producto Interno Bruto (PIB), que mide el valor y el crecimiento de la econom\u00eda sin reflejar que contaminamos r\u00edos, deforestamos bosques, llenamos el mar de pl\u00e1stico, etc. Tambi\u00e9n es un modelo lineal: tomas un recurso, lo procesas y obtienes un producto con muchos residuos. Debemos avanzar hacia un sistema donde todo se optimice, se recicle y se reutilice. No es una utop\u00eda, sino un esfuerzo al que apuntan los objetivos de desarrollo sostenible de las Naciones Unidas\u201d, a\u00f1adi\u00f3 Rodr\u00edguez.<\/p>\n<p>Para esta tarea, existen otros tres apartados fundamentales dentro del TEVU: mejorar el paisaje urbano a trav\u00e9s de la ecologizaci\u00f3n, promover la econom\u00eda circular en las empresas y reducir las emisiones de GEI en las ciudades. Para esto \u00faltimo, la idea del tren el\u00e9ctrico se considera el \u201cprincipal catalizador para un mejor transporte p\u00fablico, una movilidad m\u00e1s eficiente y una reducci\u00f3n significativa de las emisiones\u201d.<\/p>\n<p>\u201cEl Gobierno no ha enterrado ning\u00fan plan de tren el\u00e9ctrico que ayude a los objetivos de descarbonizaci\u00f3n\u201d, explic\u00f3 Rodr\u00edguez. \u201cVienen con un nuevo proyecto que se ir\u00e1 ajustando, pues hay un entendimiento entre los costarricenses de que depender de combustibles f\u00f3siles del exterior genera un gran impacto econ\u00f3mico y que, si tenemos una matriz el\u00e9ctrica totalmente renovable, lo l\u00f3gico es avanzar hacia un sistema de transporte m\u00e1s eficiente\u201d, concluy\u00f3.<\/p>\n<p>The 20 participating cantons of the GAM are: Alajuela, Alajuelita, Barva, Bel\u00e9n, Cartago, Curridabat, Desamparados, Flores, Goicoechea, Heredia, La Uni\u00f3n, Montes de Oca, Oreamuno, Para\u00edso, San Jos\u00e9, San Pablo, San Rafael, Santa Barbara, Santo Domingo and Tibas.<\/p>\n<figure id=\"attachment_8572\" aria-describedby=\"caption-attachment-8572\" style=\"width: 980px\" class=\"wp-caption aligncenter\"><img decoding=\"async\" class=\"wp-image-8572 size-full\" src=\"https:\/\/www.elementonatural.com\/wp-content\/uploads\/2022\/11\/cambio-climatico2.jpg\" alt=\"\" width=\"980\" height=\"735\" \/><figcaption id=\"caption-attachment-8572\" class=\"wp-caption-text\">Reemplazar \u00e1rboles demasiado maduros o especies ex\u00f3ticas sin afectar aceras, tuber\u00edas u otra infraestructura es otro de los retos de los proyectos. (Cr\u00e9ditos: Fabricio Cerna \/ CCECR)<\/figcaption><\/figure>\n<p>&nbsp;<\/p>\n<h2>San Jos\u00e9: la ciudad y el paisaje<\/h2>\n<p>El Centro Cultural de Espa\u00f1a en Costa Rica (CCECR), con una apuesta cultural y art\u00edstica por el medio ambiente, quiere que la capital est\u00e9 a la altura de la imagen del pa\u00eds como l\u00edder contra el cambio clim\u00e1tico y se convierta en la primera ciudad verde de Am\u00e9rica Latina. Este concepto estar\u00eda dirigido por los cr\u00edticos y comisarios espa\u00f1oles Ricardo Ram\u00f3n Jarne y Blanca de la Torre.<\/p>\n<p>El proceso consta de tres ejes y la idea a largo plazo es cumplir con el Programa Pa\u00eds de Carbono Neutralidad de Costa Rica, as\u00ed como crear una Marca Pa\u00eds donde San Jos\u00e9 sea reconocido por su comuni\u00f3n con la naturaleza.<\/p>\n<p>Jarne, tambi\u00e9n director del CCECR, afirm\u00f3 que: \u201clas zonas verdes son los pulmones de la ciudad. El 80% del verde de San Jos\u00e9 son jardines privados, muchos de casas antiguas sujetas a protecci\u00f3n patrimonial. Si la Ley de Patrimonio no mejora, esas casas que son la historia de la ciudad desaparecer\u00e1n y, con ellas, sus jardines. El centro de la ciudad, que deber\u00eda ser su referente hist\u00f3rico y art\u00edstico, se est\u00e1 convirtiendo en un enorme aparcamiento\u201d.<\/p>\n<p>Tambi\u00e9n, como ocurre con otros proyectos, el sector del transporte es de especial inter\u00e9s para esta iniciativa. \u201cToda la ciudad est\u00e1 hecha a medida del coche y no del ciudadano. Vivimos en c\u00e1rceles, el coche es una c\u00e1rcel m\u00f3vil que vive continuamente en las presas y luego llegamos a nuestras casas llenas de rejas que se convierten en la c\u00e1rcel estable. \u00bfEs esta la vida que queremos?\u201d, se pregunta Jarne.<\/p>\n<p>Finalmente, como medida para promover la arquitectura verde, el CCECR regalar\u00e1 dos boletos a\u00e9reos San Jos\u00e9 \u2013 Madrid \u2013 San Jos\u00e9 a quien tenga la mejor reja verde de la ciudad, esto como parte del primer eje del proyecto en donde se pretende ocultar las rejas con especies trepadoras o enredaderas que mejoren la imagen exterior de la ciudad y brinden seguridad con respecto a la contaminaci\u00f3n.<\/p>\n<h2>Restauraci\u00f3n urbana<\/h2>\n<p>De esta manera, Costa Rica cuenta actualmente con varios proyectos orientados a la restauraci\u00f3n urbana, el reverdecimiento de las ciudades y, sobre todo, la mitigaci\u00f3n y adaptaci\u00f3n al cambio clim\u00e1tico.<\/p>\n<p>A estos proyectos se suman otros similares, como la iniciativa Ciudad Verde \u2014lanzada por el MINAE hace poco m\u00e1s de dos meses\u2014 que pone a disposici\u00f3n de la ciudadan\u00eda tres herramientas digitales para orientar los esfuerzos individuales y as\u00ed aprovechar al m\u00e1ximo los servicios ecosist\u00e9micos que brinda la naturaleza.<\/p>\n<p>En \u00faltima instancia, los ecosistemas, la biodiversidad y los seres humanos deben adaptarse cada vez m\u00e1s a un planeta sometido al cambio clim\u00e1tico.<\/p>\n<p>\u201cCosta Rica no debe dar pasos atr\u00e1s en estos temas porque podr\u00eda perder liderazgo mundial y ah\u00ed perder\u00eda mucho prestigio internacional. Se espera que este pa\u00eds lidere y genere nuevas propuestas para combatir el cambio clim\u00e1tico desde todos los \u00e1mbitos en estos tiempos catastr\u00f3ficos que vivimos\u201d, afirm\u00f3 Jarne.<\/p>\n<p>&nbsp;<\/p>\n<p>De: <a href=\"https:\/\/ojoalclima.com\/ciudades-buscan-reverdecerse-para-mitigar-el-cambio-climatico\/\" xlink=\"href\">https:\/\/www.ucr.ac.cr\/noticias\/2020\/11\/10\/fauna-silvestre-en-cautiverio-un-mal-innecesario.html<\/a><\/p>","protected":false},"excerpt":{"rendered":"<p>The Greater Metropolitan Area (GAM) agglomerates 42% of the Costa Rican population, throughout 164 districts in 31 cantons. For sure, this is the largest urban area in Costa Rica, the center of the national infrastructure and government. However, when thinking about its main characteristics, urban planning is not usually among the prominent concepts, with all [&hellip;]<\/p>","protected":false},"author":1,"featured_media":11693,"comment_status":"open","ping_status":"open","sticky":false,"template":"","format":"standard","meta":{"footnotes":""},"categories":[74],"tags":[328,329],"class_list":["post-11617","post","type-post","status-publish","format-standard","has-post-thumbnail","hentry","category-blog","tag-climate-change","tag-green-cities"],"yoast_head":"<!-- This site is optimized with the Yoast SEO Premium plugin v24.2 (Yoast SEO v27.3) - https:\/\/yoast.com\/product\/yoast-seo-premium-wordpress\/ -->\n<title>Cities seek to green up to mitigate climate change - Elemento Natural<\/title>\n<meta name=\"description\" content=\"Many urban projects are aiming to green up the cities to mitigate climate change\" \/>\n<meta name=\"robots\" content=\"index, follow, max-snippet:-1, max-image-preview:large, max-video-preview:-1\" \/>\n<link rel=\"canonical\" href=\"https:\/\/www.elementonatural.com\/es\/cities-seek-to-green-up-to-mitigate-climate-change\/\" \/>\n<meta property=\"og:locale\" content=\"es_ES\" \/>\n<meta property=\"og:type\" content=\"article\" \/>\n<meta property=\"og:title\" content=\"Cities seek to green up to mitigate climate change\" \/>\n<meta property=\"og:description\" content=\"Many urban projects are aiming to green up the cities to mitigate climate change\" \/>\n<meta property=\"og:url\" content=\"https:\/\/www.elementonatural.com\/es\/cities-seek-to-green-up-to-mitigate-climate-change\/\" \/>\n<meta property=\"og:site_name\" content=\"Elemento Natural\" \/>\n<meta property=\"article:published_time\" content=\"2022-11-24T01:25:39+00:00\" \/>\n<meta property=\"article:modified_time\" content=\"2024-12-09T02:33:35+00:00\" \/>\n<meta property=\"og:image\" content=\"https:\/\/www.elementonatural.com\/wp-content\/uploads\/2022\/11\/cambio-climatico.jpg\" \/>\n\t<meta property=\"og:image:width\" content=\"1080\" \/>\n\t<meta property=\"og:image:height\" content=\"675\" \/>\n\t<meta property=\"og:image:type\" content=\"image\/jpeg\" \/>\n<meta name=\"author\" content=\"ipacheco\" \/>\n<meta name=\"twitter:card\" content=\"summary_large_image\" \/>\n<meta name=\"twitter:label1\" content=\"Written by\" \/>\n\t<meta name=\"twitter:data1\" content=\"ipacheco\" \/>\n\t<meta name=\"twitter:label2\" content=\"Est. reading time\" \/>\n\t<meta name=\"twitter:data2\" content=\"9 minutos\" \/>\n<!-- \/ Yoast SEO Premium plugin. -->","yoast_head_json":{"title":"Cities seek to green up to mitigate climate change - Elemento Natural","description":"Many urban projects are aiming to green up the cities to mitigate climate change","robots":{"index":"index","follow":"follow","max-snippet":"max-snippet:-1","max-image-preview":"max-image-preview:large","max-video-preview":"max-video-preview:-1"},"canonical":"https:\/\/www.elementonatural.com\/es\/cities-seek-to-green-up-to-mitigate-climate-change\/","og_locale":"es_ES","og_type":"article","og_title":"Cities seek to green up to mitigate climate change","og_description":"Many urban projects are aiming to green up the cities to mitigate climate change","og_url":"https:\/\/www.elementonatural.com\/es\/cities-seek-to-green-up-to-mitigate-climate-change\/","og_site_name":"Elemento Natural","article_published_time":"2022-11-24T01:25:39+00:00","article_modified_time":"2024-12-09T02:33:35+00:00","og_image":[{"width":1080,"height":675,"url":"https:\/\/www.elementonatural.com\/wp-content\/uploads\/2022\/11\/cambio-climatico.jpg","type":"image\/jpeg"}],"author":"ipacheco","twitter_card":"summary_large_image","twitter_misc":{"Written by":"ipacheco","Est. reading time":"9 minutos"},"schema":{"@context":"https:\/\/schema.org","@graph":[{"@type":"Article","@id":"https:\/\/www.elementonatural.com\/es\/cities-seek-to-green-up-to-mitigate-climate-change\/#article","isPartOf":{"@id":"https:\/\/www.elementonatural.com\/es\/cities-seek-to-green-up-to-mitigate-climate-change\/"},"author":{"name":"ipacheco","@id":"https:\/\/www.elementonatural.com\/#\/schema\/person\/757c5ab244fdf2913800bd9756929734"},"headline":"Cities seek to green up to mitigate climate change","datePublished":"2022-11-24T01:25:39+00:00","dateModified":"2024-12-09T02:33:35+00:00","mainEntityOfPage":{"@id":"https:\/\/www.elementonatural.com\/es\/cities-seek-to-green-up-to-mitigate-climate-change\/"},"wordCount":1729,"commentCount":0,"publisher":{"@id":"https:\/\/www.elementonatural.com\/#organization"},"image":{"@id":"https:\/\/www.elementonatural.com\/es\/cities-seek-to-green-up-to-mitigate-climate-change\/#primaryimage"},"thumbnailUrl":"https:\/\/www.elementonatural.com\/wp-content\/uploads\/2022\/11\/cambio-climatico.jpg","keywords":["climate change","green cities"],"articleSection":["Blog"],"inLanguage":"es-CR","potentialAction":[{"@type":"CommentAction","name":"Comment","target":["https:\/\/www.elementonatural.com\/es\/cities-seek-to-green-up-to-mitigate-climate-change\/#respond"]}]},{"@type":"WebPage","@id":"https:\/\/www.elementonatural.com\/es\/cities-seek-to-green-up-to-mitigate-climate-change\/","url":"https:\/\/www.elementonatural.com\/es\/cities-seek-to-green-up-to-mitigate-climate-change\/","name":"Cities seek to green up to mitigate climate change - Elemento Natural","isPartOf":{"@id":"https:\/\/www.elementonatural.com\/#website"},"primaryImageOfPage":{"@id":"https:\/\/www.elementonatural.com\/es\/cities-seek-to-green-up-to-mitigate-climate-change\/#primaryimage"},"image":{"@id":"https:\/\/www.elementonatural.com\/es\/cities-seek-to-green-up-to-mitigate-climate-change\/#primaryimage"},"thumbnailUrl":"https:\/\/www.elementonatural.com\/wp-content\/uploads\/2022\/11\/cambio-climatico.jpg","datePublished":"2022-11-24T01:25:39+00:00","dateModified":"2024-12-09T02:33:35+00:00","description":"Many urban projects are aiming to green up the cities to mitigate climate change","breadcrumb":{"@id":"https:\/\/www.elementonatural.com\/es\/cities-seek-to-green-up-to-mitigate-climate-change\/#breadcrumb"},"inLanguage":"es-CR","potentialAction":[{"@type":"ReadAction","target":["https:\/\/www.elementonatural.com\/es\/cities-seek-to-green-up-to-mitigate-climate-change\/"]}]},{"@type":"ImageObject","inLanguage":"es-CR","@id":"https:\/\/www.elementonatural.com\/es\/cities-seek-to-green-up-to-mitigate-climate-change\/#primaryimage","url":"https:\/\/www.elementonatural.com\/wp-content\/uploads\/2022\/11\/cambio-climatico.jpg","contentUrl":"https:\/\/www.elementonatural.com\/wp-content\/uploads\/2022\/11\/cambio-climatico.jpg","width":1080,"height":675},{"@type":"BreadcrumbList","@id":"https:\/\/www.elementonatural.com\/es\/cities-seek-to-green-up-to-mitigate-climate-change\/#breadcrumb","itemListElement":[{"@type":"ListItem","position":1,"name":"Home","item":"https:\/\/www.elementonatural.com\/"},{"@type":"ListItem","position":2,"name":"Cities seek to green up to mitigate climate change"}]},{"@type":"WebSite","@id":"https:\/\/www.elementonatural.com\/#website","url":"https:\/\/www.elementonatural.com\/","name":"Elemento Natural","description":"Travel Agency - Costa Rica","publisher":{"@id":"https:\/\/www.elementonatural.com\/#organization"},"potentialAction":[{"@type":"SearchAction","target":{"@type":"EntryPoint","urlTemplate":"https:\/\/www.elementonatural.com\/?s={search_term_string}"},"query-input":{"@type":"PropertyValueSpecification","valueRequired":true,"valueName":"search_term_string"}}],"inLanguage":"es-CR"},{"@type":"Organization","@id":"https:\/\/www.elementonatural.com\/#organization","name":"Elemento Natural","url":"https:\/\/www.elementonatural.com\/","logo":{"@type":"ImageObject","inLanguage":"es-CR","@id":"https:\/\/www.elementonatural.com\/#\/schema\/logo\/image\/","url":"https:\/\/www.elementonatural.com\/wp-content\/uploads\/2024\/08\/logo-elemento-natural.png","contentUrl":"https:\/\/www.elementonatural.com\/wp-content\/uploads\/2024\/08\/logo-elemento-natural.png","width":860,"height":280,"caption":"Elemento Natural"},"image":{"@id":"https:\/\/www.elementonatural.com\/#\/schema\/logo\/image\/"}},{"@type":"Person","@id":"https:\/\/www.elementonatural.com\/#\/schema\/person\/757c5ab244fdf2913800bd9756929734","name":"ipacecheo","image":{"@type":"ImageObject","inLanguage":"es-CR","@id":"https:\/\/secure.gravatar.com\/avatar\/5faa22fe1f2616d00f9b9b0832da2e24c0009aa380a022a11ec5fc8ab34aac85?s=96&d=mm&r=g","url":"https:\/\/secure.gravatar.com\/avatar\/5faa22fe1f2616d00f9b9b0832da2e24c0009aa380a022a11ec5fc8ab34aac85?s=96&d=mm&r=g","contentUrl":"https:\/\/secure.gravatar.com\/avatar\/5faa22fe1f2616d00f9b9b0832da2e24c0009aa380a022a11ec5fc8ab34aac85?s=96&d=mm&r=g","caption":"ipacheco"},"sameAs":["https:\/\/www.elementonatural.com"],"url":"https:\/\/www.elementonatural.com\/es\/author\/ipacheco\/"}]}},"_links":{"self":[{"href":"https:\/\/www.elementonatural.com\/es\/wp-json\/wp\/v2\/posts\/11617","targetHints":{"allow":["GET"]}}],"collection":[{"href":"https:\/\/www.elementonatural.com\/es\/wp-json\/wp\/v2\/posts"}],"about":[{"href":"https:\/\/www.elementonatural.com\/es\/wp-json\/wp\/v2\/types\/post"}],"author":[{"embeddable":true,"href":"https:\/\/www.elementonatural.com\/es\/wp-json\/wp\/v2\/users\/1"}],"replies":[{"embeddable":true,"href":"https:\/\/www.elementonatural.com\/es\/wp-json\/wp\/v2\/comments?post=11617"}],"version-history":[{"count":1,"href":"https:\/\/www.elementonatural.com\/es\/wp-json\/wp\/v2\/posts\/11617\/revisions"}],"predecessor-version":[{"id":11694,"href":"https:\/\/www.elementonatural.com\/es\/wp-json\/wp\/v2\/posts\/11617\/revisions\/11694"}],"wp:featuredmedia":[{"embeddable":true,"href":"https:\/\/www.elementonatural.com\/es\/wp-json\/wp\/v2\/media\/11693"}],"wp:attachment":[{"href":"https:\/\/www.elementonatural.com\/es\/wp-json\/wp\/v2\/media?parent=11617"}],"wp:term":[{"taxonomy":"category","embeddable":true,"href":"https:\/\/www.elementonatural.com\/es\/wp-json\/wp\/v2\/categories?post=11617"},{"taxonomy":"post_tag","embeddable":true,"href":"https:\/\/www.elementonatural.com\/es\/wp-json\/wp\/v2\/tags?post=11617"}],"curies":[{"name":"wp","href":"https:\/\/api.w.org\/{rel}","templated":true}]}}